
{"id":53248,"date":"2023-02-14T11:51:16","date_gmt":"2023-02-14T11:51:16","guid":{"rendered":"https:\/\/ms-contentfactory.srv.vocento.in\/contentfactorylocal\/?p=53248"},"modified":"2023-02-14T18:22:46","modified_gmt":"2023-02-14T18:22:46","slug":"extremadura-avanza-hacia-su-transformacion-energetica","status":"publish","type":"post","link":"\/content-local\/extremadura-avanza-hacia-su-transformacion-energetica\/","title":{"rendered":"Extremadura avanza hacia su transformaci\u00f3n energ\u00e9tica"},"content":{"rendered":"<p>[vc_row el_class=\u00bbcol-1-1 tablet-col-1-1&#8243;][vc_column el_class=\u00bbcol-1-1 tablet-col-1-1&#8243;]\n        <div class='fullimg principal'>\n            <div class='tituloemergente'>\n                <div class='grid grid-pad'>\n                    <a class='open-btn close-nav quees' href=''>\n                        <span class='p-content'>ESPECIAL ENERG\u00cdA 2023<\/span>\n                    <\/a>\n                    <h1><strong>Extremadura avanza hacia su transformaci\u00f3n energ\u00e9tica<\/strong><p>Varias empresas y entidades explican c\u00f3mo est\u00e1n trabajando en este importante cambio de paradigma<\/p><\/h1>\n                <\/div>\n            <\/div>\n        <figure class='videoPrincipal'><img src='\/content-local\/wp-content\/uploads\/sites\/10\/2023\/02\/yh.jpg'><\/figure><\/div>[\/vc_column][\/vc_row][vc_row centrar=\u00bbtrue\u00bb el_class=\u00bbgrid grid-pad\u00bb][vc_column el_class=\u00bbcol-1-1 tablet-col-1-1&#8243;]<div class='firmaRRSS '>\n       <div class='info'><address class='firmaAutor' data-autor='Content Local'><img src=\"\"> Content Local<\/address><time class='publicacion'>\n         14 febrero, 2023 - 11:51<\/time><\/div>\n           <div class='compartir'><p>Compartir<\/p><ul>\n                <li class='facebook'>\n                            <a href='https:\/\/www.facebook.com\/sharer\/sharer.php?u=https:\/\/hoy.es\/content-local\/extremadura-avanza-hacia-su-transformacion-energetica\/' class='bcl-compartir-fb' data-voc-vtm-id='compartirrrss' data-voc-vtm-info='facebook' target='_blank' title='Compartelo en Facebook' rel='nofollow'>\n                        <i class='facebook'><\/i>\n                    <\/a>\n                <\/li><li class='twitter'>\n                    <a href='https:\/\/twitter.com\/intent\/tweet?text=https:\/\/hoy.es\/content-local\/extremadura-avanza-hacia-su-transformacion-energetica\/' class='bcl-compartir-tw twitter' data-voc-vtm-id='compartirrrss' data-voc-vtm-info='twitter' target='_blank' title='Compartelo en Twitter' rel='nofollow'>\n                        <i class='twitter'><\/i>\n                    <\/a>\n                <\/li><li class='whatsapp'>\n                    <a href='whatsapp:\/\/send?text=https:\/\/hoy.es\/content-local\/extremadura-avanza-hacia-su-transformacion-energetica\/' data-voc-vtm-id='compartirrrss' data-voc-vtm-info='whatsapp' class='whatsapp' target='_blank' title='Compartelo en whatsapp' rel='nofollow'>\n                        <i class='whatsapp'><\/i>\n                    <\/a>\n                <\/li>\n    \n    <\/ul><\/div><\/div>[\/vc_column][\/vc_row][vc_row centrar=\u00bbtrue\u00bb el_class=\u00bbgrid grid-pad\u00bb][vc_column el_class=\u00bbcol-10-12 tablet-col-1-1&#8243;]<p class=\"parrafocount\"><\/p>[\/vc_column][\/vc_row][vc_row centrar=\u00bbtrue\u00bb el_class=\u00bbgrid grid-pad\u00bb][vc_column el_class=\u00bbcol-10-12 tablet-col-1-1&#8243;][vc_single_image image=\u00bb53804&#8243; img_size=\u00bbfull\u00bb alignment=\u00bbright\u00bb]\n        <h2 class=\"\">Naturgy acelera la transici\u00f3n energ\u00e9tica de Extremadura<\/h2>\n    <p class=\"parrafocount\">Extremadura est\u00e1 llamada a jugar un <strong>papel determinante<\/strong> en el panorama energ\u00e9tico nacional. Asiste a un momento de eclosi\u00f3n en el desarrollo de su actividad renovable, que la convierte en un modelo de referencia en Espa\u00f1a. <strong>Naturgy<\/strong> forma parte de esta revoluci\u00f3n verde, con una apuesta muy firme por la transici\u00f3n energ\u00e9tica de Extremadura, que se materializa <strong>en nueve instalaciones<\/strong> en desarrollo, construcci\u00f3n y explotaci\u00f3n.<\/p><p class='parrafocount'><p class='parrafocount'>\u00abPara la compa\u00f1\u00eda \u2013explica Ana Ruiz, responsable de <span style=\"color: #3366ff\"><a style=\"color: #3366ff\" href=\"https:\/\/www.youtube.com\/watch?v=33_TjITA4_c\" rel=\"&quot;nofollow\">Desarrollo de Renovables en Extremadura (ver video)<\/a><\/strong><span style=\"color: #000000\">\u2013, la apuesta por Extremadura viene de lejos. No en vano, fuimos los <strong>promotores del primer parque e\u00f3lico<\/strong> que se construy\u00f3 en la regi\u00f3n\u00bb. Se refiere al parque e\u00f3lico <strong>Merengue<\/strong> (40 MW), situado en Plasencia y operativo desde 2019, y al que se unir\u00e1 muy pronto <strong>Merengue II<\/strong> (50 MW), ubicado en el mismo t\u00e9rmino municipal. <\/strong><\/p><p class='parrafocount'><p class='parrafocount'><span style=\"color: #000000\">Junto a estos dos proyectos e\u00f3licos, la red de instalaciones renovables previstas en Extremadura se compone de <strong>siete instalaciones fotovoltaicas<\/strong>. De estas, una est\u00e1 ya en operaci\u00f3n (Miraflores \u201322 MW\u2013, en Castuera, Badajoz), cinco en construcci\u00f3n (Las Jaras de Badajoz \u201359\u00a0MW\u2013, en La Albuera y Badajoz; Puerta del Jerte \u201330 MW\u2013, en Plasencia; y El Encinar I \u201350MW\u2013, Los Naipes \u201350 MW\u2013 y Los Naipes II \u201350 MW\u2013, todas ellas en Badajoz), y una en fase previa al inicio de obras (Campo de Ara\u00f1uelo, ubicado entre los municipios de Torrecillas de la Tiesa y Aldeacentenera, en C\u00e1ceres). <\/strong><\/p><p class='parrafocount'><p class='parrafocount'><span style=\"color: #000000\">Este \u00faltimo proyecto, cuya construcci\u00f3n se iniciar\u00e1 este mismo a\u00f1o, merece especial atenci\u00f3n por ser, con 300 MW de potencia y una producci\u00f3n estimada de 514 GWh\/a\u00f1o, la instalaci\u00f3n fotovoltaica m\u00e1s grande de Naturgy en Espa\u00f1a. <\/strong><\/p><p class='parrafocount'><p class='parrafocount'><span style=\"color: #000000\">Las cifras globales de estos nueve proyectos, que implican una potencia de 651 MW y una inversi\u00f3n por parte de Naturgy de m\u00e1s de 650 millones de euros, contribuir\u00e1n de forma muy relevante a la producci\u00f3n de energ\u00edas verdes en la comunidad: m\u00e1s de 1.300 GWh\/a\u00f1o, lo que supone una generaci\u00f3n de electricidad equivalente a m\u00e1s de 377.600 viviendas y 838.801 toneladas anuales de emisiones de CO2 evitadas.<\/strong><\/p><p class='parrafocount'><p class='parrafocount'><\/p>\n        <h3 class=\"\">Compromiso con el entorno<\/h3>\n    <p class=\"parrafocount\"><span style=\"color: #000000\">Los proyectos de Naturgy se llevan a cabo considerando siempre todas las condiciones medioambientales de los entornos en los que se desarrollan, siempre con un <strong>riguroso respeto a la biodiversidad<\/strong> de dichos entornos. As\u00ed, por ejemplo, en el desarrollo de la planta fotovoltaica <strong>Campo de Ara\u00f1uelo<\/strong>, se ha tenido muy en cuenta la protecci\u00f3n de la poblaci\u00f3n de sisones, que ha implicado la redefinici\u00f3n del \u00e1rea de la implantaci\u00f3n. <\/strong><\/p><p class='parrafocount'><p class='parrafocount'><span style=\"color: #000000\">Del mismo modo, el parque e\u00f3lico <strong>Merengue<\/strong> cuenta con diversos protocolos y sistemas para atenuar el impacto de su actividad sobre las aves, tales como una aplicaci\u00f3n que permite la parada de los aerogeneradores a trav\u00e9s del m\u00f3vil ante situaciones de riesgo de colisi\u00f3n (implantada con \u00e9xito en seis parques e\u00f3licos de Naturgy en Espa\u00f1a) o la realizaci\u00f3n de censos semanales para estudiar el movimiento de las especies de la zona.<\/strong><\/p><p class='parrafocount'><p class='parrafocount'><span style=\"color: #000000\">Asimismo, acompasado con el desarrollo de medidas en el plano medioambiental, Naturgy despliega su modelo de relacionamiento social. Como un agente m\u00e1s del territorio, lleva a cabo una labor de <strong>apoyo a las comunidades locales<\/strong> mediante patrocinios y colaboraciones con la cultura y las tradiciones de esta tierra. <\/strong><\/p><p class='parrafocount'><p class='parrafocount'><span style=\"color: #000000\">As\u00ed, por ejemplo, la compa\u00f1\u00eda patrocina desde hace cuatro a\u00f1os la Noche Abierta de Plasencia, y el a\u00f1o pasado apoy\u00f3 tambi\u00e9n por primera vez las Fiestas de la Batalla de la Albuera. En 2022, patrocin\u00f3 igualmente <span style=\"color: #3366ff\"><a style=\"color: #3366ff\" href=\"https:\/\/www.hoy.es\/temas\/generales\/las-edades-del-hombre-plasencia.html\">las Edades del Hombre<\/a>. <span style=\"color: #000000\">Asimismo, viene participando como entidad patrocinadora en diversos encuentros especializados en el \u00e1mbito renovable, como Expoenergea desde hace varios a\u00f1os, o, en 2022, Coneia 2022, el XI Congreso Nacional de Evaluaci\u00f3n de Impacto Ambiental, celebrado en C\u00e1ceres.<\/strong><br \/><p class='parrafocount'><\/strong><\/strong><\/p><p class='parrafocount'><p class='parrafocount'><span style=\"color: #000000\">Por otro lado, a trav\u00e9s de la <strong>Fundaci\u00f3n Naturgy<\/strong>, la compa\u00f1\u00eda tambi\u00e9n se implica con colectivos m\u00e1s j\u00f3venes, a trav\u00e9s de sus programas educativos y de formaci\u00f3n profesional para la empleabilidad. Durante 2022, cerca de 2.400 alumnos pertenecientes a diversos centros p\u00fablicos de Extremadura participaron en su programa<strong> Efigy Education,<\/strong> con el que la Fundaci\u00f3n de la compa\u00f1\u00eda energ\u00e9tica explica a los m\u00e1s j\u00f3venes las claves de la transici\u00f3n energ\u00e9tica y las nuevas tecnolog\u00edas, como el gas renovable y su papel en la econom\u00eda circular. Con esta iniciativa, la Fundaci\u00f3n acerca las nuevas energ\u00edas a las escuelas, donde tambi\u00e9n <strong>fomenta las vocaciones tecnol\u00f3gicas<\/strong>. A lo largo de 2023 este programa se ampliar\u00e1 a nuevos centros.<\/strong><\/p><p class='parrafocount'><p class='parrafocount'><span style=\"color: #000000\">En el \u00e1mbito de la formaci\u00f3n profesional, gracias a su colaboraci\u00f3n con la Consejer\u00eda de Educaci\u00f3n, la Fundaci\u00f3n Naturgy promueve la actualizaci\u00f3n de los contenidos de los curr\u00edculums educativos y su adecuaci\u00f3n a las necesidades actuales de las empresas del sector, en tem\u00e1ticas tales como la instalaci\u00f3n y el mantenimiento de placas fotovoltaicas o la asesor\u00eda energ\u00e9tica en entornos vulnerables. Solo en 2022, se beneficiaron de este programa <strong>450 alumnos.<\/strong><\/strong><\/p><p class='parrafocount'><p class='parrafocount'><span style=\"color: #000000\"><strong>Naturgy<\/strong> cuenta tambi\u00e9n con un programa de visitas a instalaciones renovables, que supone abrir las puertas de los parques en operaci\u00f3n para que distintos colectivos puedan conocer de primera mano c\u00f3mo funcionan y entender el papel que juegan las energ\u00edas renovables en el marco de la transici\u00f3n energ\u00e9tica. Los colectivos a los que se dirigen van desde alumnos de primaria hasta universitarios, con informaci\u00f3n adaptada a cada nivel. En 2022 se atendi\u00f3 a m\u00e1s de 200 visitantes, y durante 2023, est\u00e1 previsto realizar <strong>jornadas de puertas abiertas<\/strong> tanto en el parque e\u00f3lico de Merengue como en la planta fotovoltaica de Miraflores.<\/strong><\/p><p class='parrafocount'><p class='parrafocount'><span style=\"color: #000000\">\u00abEstamos convencidos \u2013concluye Ana Ruiz\u2013 de que Extremadura est\u00e1 llamada a liderar el desarrollo renovable a nivel nacional. Y es una satisfacci\u00f3n para Naturgy ser part\u00edcipes de este liderazgo\u00bb.<\/strong><\/p><p class='parrafocount'><p class='parrafocount'>&nbsp;<\/p><p class='parrafocount'><p class='parrafocount'><span style=\"color: #000000\"><strong>Para m\u00e1s informaci\u00f3n:\u00a0<\/strong><\/strong><\/p><p class='parrafocount'><p class='parrafocount'>P\u00e1gina web: <a href=\"http:\/\/www.naturgy.com\" rel=\"&quot;nofollow\"><span style=\"color: #3366ff\">www.naturgy.com<\/strong><\/a><\/p><p class='parrafocount'><p class='parrafocount'>Direcci\u00f3n: Avenida de Am\u00e9rica, 38. &#8211; 28028- Madrid<\/p><p class='parrafocount'><p class='parrafocount'>Tel\u00e9fono de contacto: 91 589 34 50<\/p>[\/vc_column][\/vc_row][vc_row centrar=\u00bbtrue\u00bb el_class=\u00bbgrid grid-pad\u00bb][vc_column][vc_single_image image=\u00bb53389&#8243; img_size=\u00bbfull\u00bb]\n        <h2 class=\"\">Agenex divulga los beneficios de las comunidades energ\u00e9ticas<\/h2>\n    <p class=\"parrafocount\">En la actualidad existe una reflexi\u00f3n activa sobre el sistema de mercado el\u00e9ctrico de Europa acerca del <strong>cambio de modelo de generaci\u00f3n el\u00e9ctrica<\/strong>, con mayor presencia de las renovables, y tambi\u00e9n por la aparici\u00f3n de comunidades energ\u00e9ticas y autoconsumo compartido que conducen de manera decisiva hacia la democratizaci\u00f3n de la energ\u00eda, seg\u00fan manifiesta el <strong>Consorcio Agencia Extreme\u00f1a de la Energ\u00eda<\/strong> (Agenex\u200a).<\/p><p class='parrafocount'><p class='parrafocount'>En relaci\u00f3n con las comunidades energ\u00e9ticas, estos nuevos modelos est\u00e1n revolucionando el sistema energ\u00e9tico y demuestran que los ciudadanos pueden tomar sus propias decisiones sobre c\u00f3mo producir, gestionar y consumir su energ\u00eda limpia.<\/p><p class='parrafocount'><p class='parrafocount'>Los vecinos de un municipio, barrio o de un pol\u00edgono industrial se unen constituyendo una asociaci\u00f3n, cooperativa, etc. para <strong>generar, gestionar y tomar sus decisiones en materia de energ\u00eda<\/strong>. Una soluci\u00f3n renovable, econ\u00f3mica, democr\u00e1tica y participativa, en la que todos sus miembros pueden beneficiarse colectivamente de las mismas instalaciones y tienen una mayor responsabilidad en la gesti\u00f3n de la energ\u00eda, pudiendo producir, consumir, almacenar, compartir o vender la energ\u00eda procedente de fuentes renovables.<br \/><p class='parrafocount'>Desde Agenex est\u00e1n desarrollando una importante labor divulgativa sobre el funcionamiento, bondades y beneficios de las comunidades energ\u00e9ticas impulsando este tipo de modelos en el \u00e1mbito local.<\/p><p class='parrafocount'><p class='parrafocount'>Todo este esfuerzo divulgativo est\u00e1 enmarcado en el proyecto <strong>Localcir<\/strong>, cofinanciado por el programa Interreg V A\u2013Poctep cuyas acciones han llegado a ambos lados de la frontera.<\/p><p class='parrafocount'><p class='parrafocount'><\/p><p class=\"parrafocount\">El consumo compartido, sin ser una comunidad energ\u00e9tica como tal, es una nueva forma de autoconsumo que se est\u00e1 desarrollando gracias a la nueva normativa aprobada a nivel nacional y que tiene aplicaci\u00f3n a bloques de viviendas, pol\u00edgonos industriales o barrios mediante el cual se puede disponer de una instalaci\u00f3n fotovoltaica que genera electricidad para el uso de varios consumidores cercanos, siempre que se encuentren a una distancia inferior a los 2.000 metros. Todos los participantes de esta modalidad son titulares, productores y consumidores, sin necesidad de constituir una entidad jur\u00eddica, y pueden conectarse a trav\u00e9s de una red interior, o bien utilizando la propia red p\u00fablica de distribuci\u00f3n.<\/p><p class='parrafocount'><p class='parrafocount'>En estos momentos, Agenex est\u00e1 culminando las <strong>obras de dos prototipos basados en este modelo de autoconsumo compartido<\/strong>, bajo el proyecto Innoinvest, cofinanciado por el programa Intereg V A-Poctep. Las comunidades energ\u00e9ticas y el autoconsumo compartido se enmarcan como prioritarios dentro del Plan Extreme\u00f1o de Energ\u00eda y Clima.<\/p><p class='parrafocount'><p class='parrafocount'>Un nuevo modelo energ\u00e9tico es posible, que pueda mitigar los efectos del cambio clim\u00e1tico, priorizando el inter\u00e9s social, el medio ambiente y el acceso democr\u00e1tico a la energ\u00eda.<\/p><p class='parrafocount'><p class='parrafocount'>&nbsp;<\/p><p class='parrafocount'><p class='parrafocount'><strong>Para m\u00e1s informaci\u00f3n:<\/strong><\/p><p class='parrafocount'><p class='parrafocount'>P\u00e1gina web:<span style=\"color: #3366ff\"> <a style=\"color: #3366ff\" href=\"https:\/\/www.agenex.net\/es\/\" rel=\"nofollow\">https:\/\/www.agenex.net\/es\/<\/a><\/strong><\/p><p class='parrafocount'><p class='parrafocount'>Direcciones:<\/p><p class='parrafocount'><p class='parrafocount'>&#8211; Avda. Antonio Masa Campos, 26 &#8211; 06011 &#8211; Badajoz<\/p><p class='parrafocount'><p class='parrafocount'>&#8211; Ronda de San Francisco 3, 1\u00aa planta -10005 &#8211; C\u00e1ceres<\/p><p class='parrafocount'><p class='parrafocount'>Tel\u00e9fonos de contacto:<\/p><p class='parrafocount'><p class='parrafocount'>-Badajoz: 924 26 21 61<\/p><p class='parrafocount'><p class='parrafocount'>-C\u00e1ceres: 927 62 57 94<\/p><p class='parrafocount'><p class='parrafocount'>&nbsp;<\/p><p class='parrafocount'><p class='parrafocount'><\/p>[vc_single_image image=\u00bb53697&#8243; img_size=\u00bbfull\u00bb]\n        <h2 class=\"\">COLEGIO DE ARQUITECTOS DE EXTREMADURA (COADE)<\/h2>\n    \n        <blockquote class=\"derecha \">\n\t\t<p class=\"parrafocount\">\u00abAhorro energ\u00e9tico y protecci\u00f3n del patrimonio son compatibles\u00bb<\/p>\n        <address>Manuel Herrero. Secretario del COADE<\/address>\n\t\t<\/blockquote>\n    <p class=\"parrafocount\">El secretario del <strong>Colegio de Arquitectos de Extremadura (COADE)<\/strong>, Manuel Herrero, destaca los mejores consejos para que todos podamos ahorrar energ\u00eda en los hogares y empresas.<\/p><p class='parrafocount'><p class='parrafocount'>Nos informa acerca de la creaci\u00f3n de la<strong> Oficina de Asesoramiento e Impulso a la Rehabilitaci\u00f3n<\/strong>, donde un equipo de arquitectos asesora a particulares y profesionales sobre las diferentes ayudas que existen y que afectan a la rehabilitaci\u00f3n de edificios acompa\u00f1ando tambi\u00e9n en la tramitaci\u00f3n a usuarios y t\u00e9cnicos.<\/p><p class='parrafocount'><p class='parrafocount'>Tambi\u00e9n destaca varios <strong>programas de ayudas disponibles con respecto a la rehabilitaci\u00f3n energ\u00e9tica de edificios<\/strong>; algunas enfocadas a instalaciones de calefacci\u00f3n y refrigeraci\u00f3n, para instalar paneles solares, m\u00e1quinas de aerotermia, biomasa, geotermia, as\u00ed como otras renovables; y otras enfocadas a la mejora de la accesibilidad en portales, zonas comunes y viviendas.<\/p><p class='parrafocount'><p class='parrafocount'>Tambi\u00e9n aborda el tema de la <strong>compatibilizaci\u00f3n de ahorro energ\u00e9tico y la protecci\u00f3n del patrimonio<\/strong>, un bien especialmente valioso en Extremadura y que muchas veces confrontan. De este modo, nos explica de qu\u00e9 forma las administraciones est\u00e1n procediendo a su regulaci\u00f3n en zonas hist\u00f3ricas de la regi\u00f3n.<\/p>\n        <h3 class=\"\">Autoconsumo compartido<\/h3>\n    <p class=\"parrafocount\">Las principales dudas que los usuarios plantean a los arquitectos tambi\u00e9n son otro tema destacado. Lo m\u00e1s demandado por los extreme\u00f1os son las <strong>condiciones generales de las ayudas<\/strong>, tanto para viviendas en bloque como unifamiliares o segundas residencias, as\u00ed como los pasos a seguir para su tramitaci\u00f3n. Una labor que facilitan desde el Colegio de Arquitectos de Extremadura.<\/p><p class='parrafocount'><p class='parrafocount'>Por \u00faltimo, Manuel Herrero, establece que hay <strong>peque\u00f1os gestos que pueden ayudarnos a reducir el consumo energ\u00e9tico<\/strong>, muchos de ellos relacionados con la manera tradicional de usar nuestra vivienda en Extremadura.<\/p><p class='parrafocount'><p class='parrafocount'>&nbsp;<\/p><p class='parrafocount'><p class='parrafocount'><strong>Para m\u00e1s informaci\u00f3n:<\/strong><\/p><p class='parrafocount'><p class='parrafocount'>P\u00e1gina web: <a href=\"http:\/\/www.coade.org\" rel=\"nofollow\"><span style=\"color: #3366ff\">www.coade.org<\/strong><\/a><\/p><p class='parrafocount'><p class='parrafocount'>Direcciones:<\/p><p class='parrafocount'><p class='parrafocount'>Calle General Ezponda, 9, 10003 \u2013 C\u00e1ceres<br \/><p class='parrafocount'>Plaza de Espa\u00f1a, 4. 06002 \u2013 Badajoz<\/p><p class='parrafocount'><p class='parrafocount'>Tel\u00e9fonos de contacto: 924 20 71 13 \/ 927 22 60 00<\/p><p class='parrafocount'><p class='parrafocount'>&nbsp;<\/p><p class='parrafocount'><p class='parrafocount'>&nbsp;<\/p><p class='parrafocount'><p class='parrafocount'><\/p>[vc_single_image image=\u00bb53718&#8243; img_size=\u00bbfull\u00bb]\n        <h2 class=\"\">Solaria Energ\u00edas Renovables<\/h2>\n    \n        <blockquote class=\"derecha \">\n\t\t<p class=\"parrafocount\">\u00abEn cuatro o cinco a\u00f1os todas las unifamiliares producir\u00e1n su propia energ\u00eda\u00bb<\/p>\n        <address>Pedro Pablo Andrada. Gerente de Solaria<\/address>\n\t\t<\/blockquote>\n    <p class=\"parrafocount\"><strong>Solaria Energ\u00edas Renovable<\/strong>s es una empresa de ingenier\u00eda cacere\u00f1a dedicada al dise\u00f1o y ejecuci\u00f3n de proyectos de generaci\u00f3n de energ\u00edas renovables a trav\u00e9s de placas solares en Extremadura y a la instalaci\u00f3n de puntos de recarga para veh\u00edculos el\u00e9ctricos en la regi\u00f3n.<\/p><p class='parrafocount'><p class='parrafocount'>Su gerente, <strong>Pedro Pablo Andrada<\/strong>, nos revela algunos datos interesantes sobre la situaci\u00f3n y desarrollo de esta nueva generaci\u00f3n energ\u00e9tica en Extremadura. Hace alusi\u00f3n a conceptos como la\u00a0<strong>generaci\u00f3n distribuida<\/strong>, un proceso en el que la energ\u00eda se genera justo donde se consume y, la que sobra, es enviada a la red para compartirla con otros. Este modelo energ\u00e9tico est\u00e1 asistiendo a d\u00eda de hoy a un un aut\u00e9ntico boom en la regi\u00f3n y el gerente destaca que en cuatro o cinco a\u00f1os, todas las unifamiliares generar\u00e1n su propia energ\u00eda. El coste de instalaci\u00f3n de este equipo suele rondar los 5.000 o 6.000 euros para una unifamiliar y, sin contar con ning\u00fan tipo de ayuda, <strong>se rentabiliza a los 3 o 4 a\u00f1os<\/strong>, aunque hay excepciones. En caso de contar con ayudas podremos conseguir amortizar los equipos en la mitad del tiempo anteriormente indicado.<\/p><p class='parrafocount'><p class='parrafocount'>Su gerente tambi\u00e9n habla sobre la gesti\u00f3n desde Solaria de las<strong> comunidades energ\u00e9ticas solares<\/strong>, algo que presentan como la versi\u00f3n m\u00e1s evolucionada del autoconsumo.<\/p><p class='parrafocount'><p class='parrafocount'>Pedro Pablo Andrada tambi\u00e9n apuesta por que Extremadura es la comunidad aut\u00f3noma de Espa\u00f1a que mejor preparada est\u00e1 para <strong>pasar al coche cien por cien el\u00e9ctrico<\/strong>, dadas sus infraestructuras e importantes v\u00edas de comunicaci\u00f3n.<\/p><p class='parrafocount'><p class='parrafocount'>El gerente tambi\u00e9n apunta a que los <strong>objetivos de su compa\u00f1\u00eda a corto y a largo plazo<\/strong> pasan por producir m\u00e1s energ\u00eda de la que consumen y que est\u00e1n cambiando sus equipos a movilidad el\u00e9ctrica, invirtiendo tambi\u00e9n mucho en acompa\u00f1ar a particulares, empresas y administraciones a que se <strong>desenganchen de los combustibles f\u00f3siles<\/strong> para que\u00a0 empiecen a producir su propia energ\u00eda.<\/p><p class='parrafocount'><p class='parrafocount'>&nbsp;<\/p><p class='parrafocount'><p class='parrafocount'><strong>Para m\u00e1s informaci\u00f3n:<\/strong><\/p><p class='parrafocount'><p class='parrafocount'>P\u00e1gina web: <a href=\"http:\/\/www.naturluz.es\" rel=\"nofollow\"><span style=\"color: #3366ff\">www.naturluz.es<\/strong><\/a><\/p><p class='parrafocount'><p class='parrafocount'>Direcci\u00f3n: C\/ San Pedro de Alc\u00e1ntara 4, 1\u00ba Izq. &#8211; 10001 &#8211; C\u00e1ceres<\/p><p class='parrafocount'><p class='parrafocount'>Tel\u00e9fonos de contacto: 927 22 23 73 \/ 650 05 47 46<\/p>[\/vc_column][vc_column]\n        <div class='bloque'>\n         <div class='compartir'><p>Compartir<\/p><ul>\n                <li class='facebook'>\n                            <a href='https:\/\/www.facebook.com\/sharer\/sharer.php?u=https:\/\/hoy.es\/content-local\/extremadura-avanza-hacia-su-transformacion-energetica\/' class='bcl-compartir-fb' target='_blank' title='Compartelo en Facebook' rel='nofollow'>\n                        <i class='facebook'><\/i>\n                    <\/a>\n                <\/li><li class='twitter'>\n                    <a href='https:\/\/twitter.com\/intent\/tweet?text=https:\/\/hoy.es\/content-local\/extremadura-avanza-hacia-su-transformacion-energetica\/' class='bcl-compartir-tw twitter' target='_blank' title='Compartelo en Twitter' rel='nofollow'>\n                        <i class='twitter'><\/i>\n                    <\/a>\n                <\/li><li class='whatsapp'>\n                    <a href='whatsapp:\/\/send?text=https:\/\/hoy.es\/content-local\/extremadura-avanza-hacia-su-transformacion-energetica\/' class='whatsapp' target='_blank' title='Compartelo en whatsapp' rel='nofollow'>\n                        <i class='whatsapp'><\/i>\n                    <\/a>\n                <\/li>\n                   <\/ul><\/div>\n        <div class='pie-ad '>\n            <p>Contenido desarrollado para <strong>Especial Energ\u00eda 2023<\/strong>\u00a0editado por <strong>CM EXTREMADURA<\/strong>. En su elaboraci\u00f3n no ha intervenido la redacci\u00f3n de este medio.<\/p>\n        <\/div><\/div>[\/vc_column][\/vc_row]<\/p>\n","protected":false},"excerpt":{"rendered":"<p>[vc_row el_class=\u00bbcol-1-1 tablet-col-1-1&#8243;][vc_column el_class=\u00bbcol-1-1 tablet-col-1-1&#8243;][\/vc_column][\/vc_row][vc_row centrar=\u00bbtrue\u00bb el_class=\u00bbgrid grid-pad\u00bb][vc_column el_class=\u00bbcol-1-1 tablet-col-1-1&#8243;][\/vc_column][\/vc_row][vc_row centrar=\u00bbtrue\u00bb el_class=\u00bbgrid grid-pad\u00bb][vc_column el_class=\u00bbcol-10-12 tablet-col-1-1&#8243;][\/vc_column][\/vc_row][vc_row centrar=\u00bbtrue\u00bb el_class=\u00bbgrid grid-pad\u00bb][vc_column el_class=\u00bbcol-10-12 tablet-col-1-1&#8243;][vc_single_image image=\u00bb53804&#8243; img_size=\u00bbfull\u00bb alignment=\u00bbright\u00bb][\/vc_column][\/vc_row][vc_row centrar=\u00bbtrue\u00bb el_class=\u00bbgrid grid-pad\u00bb][vc_column][vc_single_image image=\u00bb53389&#8243; img_size=\u00bbfull\u00bb][vc_single_image image=\u00bb53697&#8243; img_size=\u00bbfull\u00bb][vc_single_image image=\u00bb53718&#8243; img_size=\u00bbfull\u00bb][\/vc_column][vc_column][\/vc_column][\/vc_row]<\/p>\n","protected":false},"author":18,"featured_media":0,"comment_status":"open","ping_status":"open","sticky":false,"template":"","format":"standard","meta":[],"categories":[28],"tags":[],"acf":[],"_links":{"self":[{"href":"\/content-local\/wp-json\/wp\/v2\/posts\/53248"}],"collection":[{"href":"\/content-local\/wp-json\/wp\/v2\/posts"}],"about":[{"href":"\/content-local\/wp-json\/wp\/v2\/types\/post"}],"author":[{"embeddable":true,"href":"\/content-local\/wp-json\/wp\/v2\/users\/18"}],"replies":[{"embeddable":true,"href":"\/content-local\/wp-json\/wp\/v2\/comments?post=53248"}],"version-history":[{"count":32,"href":"\/content-local\/wp-json\/wp\/v2\/posts\/53248\/revisions"}],"predecessor-version":[{"id":53805,"href":"\/content-local\/wp-json\/wp\/v2\/posts\/53248\/revisions\/53805"}],"wp:attachment":[{"href":"\/content-local\/wp-json\/wp\/v2\/media?parent=53248"}],"wp:term":[{"taxonomy":"category","embeddable":true,"href":"\/content-local\/wp-json\/wp\/v2\/categories?post=53248"},{"taxonomy":"post_tag","embeddable":true,"href":"\/content-local\/wp-json\/wp\/v2\/tags?post=53248"}],"curies":[{"name":"wp","href":"https:\/\/api.w.org\/{rel}","templated":true}]}}