

    {"id":160323,"date":"2026-06-29T12:22:48","date_gmt":"2026-06-29T10:22:48","guid":{"rendered":"https:\/\/ms-contentfactory.srv.vocento.in\/contentfactorylocal\/?p=160323"},"modified":"2026-06-29T13:54:17","modified_gmt":"2026-06-29T11:54:17","slug":"redigitalex-programa-capacitacion-competencias-digitales","status":"publish","type":"post","link":"\/content-local\/redigitalex-programa-capacitacion-competencias-digitales\/","title":{"rendered":"REDigitalEX es un programa de capacitaci\u00f3n en competencias digitales"},"content":{"rendered":"<p>[vc_row el_class=\u00bbcol-1-1 tablet-col-1-1&#8243;][vc_column el_class=\u00bbcol-1-1 tablet-col-1-1&#8243;]\n        <div class='fullimg principal'>\n            <div class='tituloemergente'>\n                <div class='grid grid-pad'>\n                    <a class='open-btn close-nav quees' href=''>\n                        <span class='p-content'>REDigitalEX<\/span>\n                    <\/a>\n                    <h1><strong>REDigitalEX: un programa para impulsar las competencias digitales de la ciudadan\u00eda extreme\u00f1a<\/strong><p>334 municipios de menos de 5.000 habitantes han acogido acciones formativas y en total, REDigitalEX ha llegado a 366 municipios extreme\u00f1os, lo que supone una cobertura del 94% del territorio<\/p><\/h1>\n                <\/div>\n            <\/div>\n        <figure class='videoPrincipal'><img src='\/content-local\/wp-content\/uploads\/sites\/10\/2026\/06\/Video-REDigitalEX-v2.jpg'><\/figure><\/div>[\/vc_column][\/vc_row][vc_row centrar=\u00bbtrue\u00bb el_class=\u00bbgrid grid-pad\u00bb][vc_column el_class=\u00bbcol-1-1 tablet-col-1-1&#8243;]<div class='firmaRRSS '>\n       <div class='info'><address class='firmaAutor' data-autor='Redacci\u00f3n'><img src=\"\"> Redacci\u00f3n<\/address><time class='publicacion'>\n         29 junio, 2026 - 12:22<\/time><\/div>\n           <div class='compartir'><p>Compartir<\/p><ul>\n                <li class='facebook'>\n                            <a href='https:\/\/www.facebook.com\/sharer\/sharer.php?u=https:\/\/hoy.es\/content-local\/redigitalex-programa-capacitacion-competencias-digitales\/' class='bcl-compartir-fb' data-voc-vtm-id='compartirrrss' data-voc-vtm-info='facebook' target='_blank' title='Compartelo en Facebook' rel='nofollow'>\n                        <i class='facebook'><\/i>\n                    <\/a>\n                <\/li><li class='twitter'>\n                    <a href='https:\/\/twitter.com\/intent\/tweet?text=https:\/\/hoy.es\/content-local\/redigitalex-programa-capacitacion-competencias-digitales\/' class='bcl-compartir-tw twitter' data-voc-vtm-id='compartirrrss' data-voc-vtm-info='twitter' target='_blank' title='Compartelo en Twitter' rel='nofollow'>\n                        <i class='twitter'><\/i>\n                    <\/a>\n                <\/li><li class='whatsapp'>\n                    <a href='whatsapp:\/\/send?text=https:\/\/hoy.es\/content-local\/redigitalex-programa-capacitacion-competencias-digitales\/' data-voc-vtm-id='compartirrrss' data-voc-vtm-info='whatsapp' class='whatsapp' target='_blank' title='Compartelo en whatsapp' rel='nofollow'>\n                        <i class='whatsapp'><\/i>\n                    <\/a>\n                <\/li>\n    \n    <\/ul><\/div><\/div>[\/vc_column][\/vc_row][vc_row centrar=\u00bbtrue\u00bb el_class=\u00bbgrid grid-pad\u00bb][vc_column el_class=\u00bbcol-10-12 tablet-col-1-1&#8243;]<p class=\"parrafocount\"><span style=\"font-weight: 400\">REDigitalEX es un programa de capacitaci\u00f3n en competencias digitales concebido como una herramienta estrat\u00e9gica para favorecer la cohesi\u00f3n social, reducir las desigualdades y promover el desarrollo equilibrado del territorio extreme\u00f1o. Su finalidad es garantizar que toda la ciudadan\u00eda, con independencia de su lugar de residencia, edad o situaci\u00f3n personal, pueda adquirir las habilidades necesarias para desenvolverse con autonom\u00eda en una sociedad cada vez m\u00e1s digitalizada.<\/strong><\/p><p class='parrafocount'><p class='parrafocount'><span style=\"font-weight: 400\">El programa surge de la colaboraci\u00f3n entre la Junta de Extremadura, a trav\u00e9s de la Direcci\u00f3n General de Digitalizaci\u00f3n Regional, y la Red Extreme\u00f1a de Desarrollo Rural (REDEX), entidad encargada de la gesti\u00f3n y coordinaci\u00f3n de las actuaciones sobre el territorio. Esta alianza institucional ha permitido desplegar un modelo formativo cercano y adaptado a las necesidades reales de la poblaci\u00f3n, especialmente en el \u00e1mbito rural.<\/strong><\/p><p class='parrafocount'><p class='parrafocount'><span style=\"font-weight: 400\">REDigitalEX est\u00e1 financiado por la Uni\u00f3n Europea mediante los fondos NextGenerationEU, el Gobierno de Espa\u00f1a, a trav\u00e9s del Ministerio de Asuntos Econ\u00f3micos y Transformaci\u00f3n Digital y del Plan de Recuperaci\u00f3n, Transformaci\u00f3n y Resiliencia, as\u00ed como por la Junta de Extremadura, mediante la Consejer\u00eda de Econom\u00eda, Empleo y Transformaci\u00f3n Digital.<\/strong><\/p>[vc_single_image image=\u00bb160335&#8243; img_size=\u00bbfull\u00bb alignment=\u00bbcenter\u00bb]<p class=\"parrafocount\"><span style=\"font-weight: 400\">Desde su puesta en marcha en 2023, el programa ha obtenido unos resultados que superan ampliamente las previsiones iniciales. En este periodo se han formado un total de 20.666 personas, lo que supone superar en un 31% el objetivo inicial fijado en 15.774 participantes. Para alcanzar estas cifras se han desarrollado 1.781 acciones formativas que han sumado m\u00e1s de 14.000 horas de formaci\u00f3n.<\/strong><\/p><p class='parrafocount'><p class='parrafocount'><span style=\"font-weight: 400\">Uno de los aspectos m\u00e1s destacados del proyecto ha sido su apuesta por un modelo de aprendizaje eminentemente presencial. El 96% de las actividades se han desarrollado cara a cara, permitiendo un acompa\u00f1amiento personalizado que facilita el aprendizaje, genera confianza entre los participantes y contribuye a superar el miedo o la inseguridad que muchas personas sienten frente al uso de las tecnolog\u00edas digitales.<\/strong><\/p><p class='parrafocount'><p class='parrafocount'><span style=\"font-weight: 400\">La dimensi\u00f3n territorial constituye otro de los grandes logros del programa. REDigitalEX ha conseguido llegar a 366 municipios extreme\u00f1os, lo que representa el 94% del territorio regional. Este elevado grado de implantaci\u00f3n demuestra la capacidad del proyecto para acercar la formaci\u00f3n digital a pr\u00e1cticamente toda Extremadura, con una atenci\u00f3n especial a los municipios rurales. De hecho, 334 de las localidades participantes cuentan con menos de 5.000 habitantes, reforzando as\u00ed la igualdad de oportunidades y contribuyendo a combatir los efectos de la despoblaci\u00f3n, el envejecimiento y la dispersi\u00f3n territorial.<\/strong><\/p><p class='parrafocount'><p class='parrafocount'><span style=\"font-weight: 400\">El impacto del programa ha sido especialmente significativo entre las mujeres del medio rural, uno de los colectivos que tradicionalmente ha sufrido una doble brecha, tanto territorial como tecnol\u00f3gica. Casi siete de cada diez personas participantes han sido mujeres, lo que representa el 68,6 % del alumnado. En t\u00e9rminos absolutos, 14.188 mujeres han recibido formaci\u00f3n, de las cuales 12.167 residen en municipios de menos de 5.000 habitantes. La adquisici\u00f3n de competencias digitales ha contribuido a mejorar su autonom\u00eda personal, ampliar sus oportunidades laborales y de emprendimiento, facilitar el acceso a servicios digitales y fortalecer su arraigo en el territorio.<\/strong><\/p>[vc_single_image image=\u00bb160334&#8243; img_size=\u00bbfull\u00bb alignment=\u00bbcenter\u00bb]<p class=\"parrafocount\"><span style=\"font-weight: 400\">Otro de los colectivos prioritarios ha sido el de las personas mayores. M\u00e1s de 9.000 participantes mayores de 55 a\u00f1os han adquirido conocimientos que les permiten desenvolverse con mayor independencia en su vida cotidiana. Gracias a la formaci\u00f3n recibida, muchas de estas personas han aprendido a utilizar el tel\u00e9fono m\u00f3vil con mayor seguridad, realizar gestiones a trav\u00e9s de la administraci\u00f3n electr\u00f3nica, acceder a aplicaciones bancarias o solicitar citas m\u00e9dicas mediante los servicios sanitarios digitales, reduciendo as\u00ed situaciones de dependencia y exclusi\u00f3n tecnol\u00f3gica.<\/strong><\/p><p class='parrafocount'><p class='parrafocount'><span style=\"font-weight: 400\">Los resultados obtenidos ponen de manifiesto que el \u00e9xito de REDigitalEX no se basa \u00fanicamente en la oferta de acciones formativas, sino tambi\u00e9n en una metodolog\u00eda centrada en la proximidad y el acompa\u00f1amiento. El programa ha contribuido a desmontar el prejuicio de que existe una resistencia generalizada a la tecnolog\u00eda en el medio rural, demostrando que, cuando la formaci\u00f3n se adapta a las caracter\u00edsticas y necesidades de cada territorio, la respuesta de la ciudadan\u00eda es ampliamente positiva.<\/strong><\/p>[vc_single_image image=\u00bb160333&#8243; img_size=\u00bbfull\u00bb alignment=\u00bbcenter\u00bb]<p class=\"parrafocount\"><span style=\"font-weight: 400\">Asimismo, uno de los factores determinantes ha sido la creaci\u00f3n de un s\u00f3lido ecosistema de colaboraci\u00f3n impulsado por REDEX, que ha trabajado de manera coordinada con ayuntamientos, mancomunidades, asociaciones, centros educativos y entidades sociales. Esta red de cooperaci\u00f3n ha permitido acercar la formaci\u00f3n a la ciudadan\u00eda, facilitar la participaci\u00f3n y consolidar un modelo de intervenci\u00f3n basado en la cercan\u00eda y la confianza.<\/strong><\/p><p class='parrafocount'><p class='parrafocount'><span style=\"font-weight: 400\">En su totalidad, REDigitalEX demuestra que la transformaci\u00f3n digital va mucho m\u00e1s all\u00e1 del despliegue de infraestructuras tecnol\u00f3gicas. La verdadera inclusi\u00f3n digital requiere acompa\u00f1ar a las personas, comprender sus necesidades y ofrecer una formaci\u00f3n accesible, pr\u00e1ctica y adaptada a su realidad. Los resultados alcanzados confirman que invertir en competencias digitales supone tambi\u00e9n invertir en igualdad de oportunidades, cohesi\u00f3n social, desarrollo rural y mejora de la calidad de vida de la ciudadan\u00eda extreme\u00f1a.<\/strong><\/p>[\/vc_column][\/vc_row][vc_row centrar=\u00bbtrue\u00bb el_class=\u00bbgrid grid-pad\u00bb][vc_column el_class=\u00bbcol-1-1 tablet-col-1-1&#8243;]\n        <div class='bloque'>\n         <div class='compartir'><p>Compartir<\/p><ul>\n                <li class='facebook'>\n                            <a href='https:\/\/www.facebook.com\/sharer\/sharer.php?u=https:\/\/hoy.es' class='bcl-compartir-fb' target='_blank' title='Compartelo en Facebook' rel='nofollow'>\n                        <i class='facebook'><\/i>\n                    <\/a>\n                <\/li><li class='twitter'>\n                    <a href='https:\/\/twitter.com\/intent\/tweet?text=https:\/\/hoy.es' class='bcl-compartir-tw twitter' target='_blank' title='Compartelo en Twitter' rel='nofollow'>\n                        <i class='twitter'><\/i>\n                    <\/a>\n                <\/li><li class='whatsapp'>\n                    <a href='whatsapp:\/\/send?text=https:\/\/hoy.es' class='whatsapp' target='_blank' title='Compartelo en whatsapp' rel='nofollow'>\n                        <i class='whatsapp'><\/i>\n                    <\/a>\n                <\/li>\n                   <\/ul><\/div>\n        <div class='pie-ad '>\n            <p>Contenido para<strong> REDigitalEX<\/strong>\u00a0 editado por <strong>CM EXTREMADURA<\/strong>. En su elaboraci\u00f3n no ha intervenido la redacci\u00f3n de este medio.<\/p>\n        <\/div><\/div>[\/vc_column][\/vc_row]<\/p>\n","protected":false},"excerpt":{"rendered":"<p>[vc_row el_class=\u00bbcol-1-1 tablet-col-1-1&#8243;][vc_column el_class=\u00bbcol-1-1 tablet-col-1-1&#8243;][\/vc_column][\/vc_row][vc_row centrar=\u00bbtrue\u00bb el_class=\u00bbgrid grid-pad\u00bb][vc_column el_class=\u00bbcol-1-1 tablet-col-1-1&#8243;][\/vc_column][\/vc_row][vc_row centrar=\u00bbtrue\u00bb el_class=\u00bbgrid grid-pad\u00bb][vc_column el_class=\u00bbcol-10-12 tablet-col-1-1&#8243;][vc_single_image image=\u00bb160335&#8243; img_size=\u00bbfull\u00bb alignment=\u00bbcenter\u00bb][vc_single_image image=\u00bb160334&#8243; img_size=\u00bbfull\u00bb alignment=\u00bbcenter\u00bb][vc_single_image image=\u00bb160333&#8243; img_size=\u00bbfull\u00bb alignment=\u00bbcenter\u00bb][\/vc_column][\/vc_row][vc_row centrar=\u00bbtrue\u00bb el_class=\u00bbgrid grid-pad\u00bb][vc_column el_class=\u00bbcol-1-1 tablet-col-1-1&#8243;][\/vc_column][\/vc_row]<\/p>\n","protected":false},"author":18,"featured_media":0,"comment_status":"closed","ping_status":"closed","sticky":false,"template":"","format":"standard","meta":[],"categories":[1],"tags":[],"acf":[],"_links":{"self":[{"href":"\/content-local\/wp-json\/wp\/v2\/posts\/160323"}],"collection":[{"href":"\/content-local\/wp-json\/wp\/v2\/posts"}],"about":[{"href":"\/content-local\/wp-json\/wp\/v2\/types\/post"}],"author":[{"embeddable":true,"href":"\/content-local\/wp-json\/wp\/v2\/users\/18"}],"replies":[{"embeddable":true,"href":"\/content-local\/wp-json\/wp\/v2\/comments?post=160323"}],"version-history":[{"count":13,"href":"\/content-local\/wp-json\/wp\/v2\/posts\/160323\/revisions"}],"predecessor-version":[{"id":160343,"href":"\/content-local\/wp-json\/wp\/v2\/posts\/160323\/revisions\/160343"}],"wp:attachment":[{"href":"\/content-local\/wp-json\/wp\/v2\/media?parent=160323"}],"wp:term":[{"taxonomy":"category","embeddable":true,"href":"\/content-local\/wp-json\/wp\/v2\/categories?post=160323"},{"taxonomy":"post_tag","embeddable":true,"href":"\/content-local\/wp-json\/wp\/v2\/tags?post=160323"}],"curies":[{"name":"wp","href":"https:\/\/api.w.org\/{rel}","templated":true}]}}