

    {"id":150104,"date":"2026-02-25T11:31:42","date_gmt":"2026-02-25T10:31:42","guid":{"rendered":"https:\/\/ms-contentfactory.srv.vocento.in\/contentfactorylocal\/?p=150104"},"modified":"2026-02-26T12:55:47","modified_gmt":"2026-02-26T11:55:47","slug":"la-region-lideran-las-concesiones-para-nuevas-plantas-solares","status":"publish","type":"post","link":"\/content-local\/la-region-lideran-las-concesiones-para-nuevas-plantas-solares\/","title":{"rendered":"La regi\u00f3n lideran las concesiones para nuevas plantas solares"},"content":{"rendered":"<p>[vc_row el_class=\u00bbcol-1-1 tablet-col-1-1&#8243;][vc_column el_class=\u00bbcol-1-1 tablet-col-1-1&#8243;]\n        <div class='fullimg principal'>\n            <div class='tituloemergente'>\n                <div class='grid grid-pad'>\n                    <a class='open-btn close-nav quees' href=''>\n                        <span class='p-content'>ESPECIAL ENERG\u00cdA 26<\/span>\n                    <\/a>\n                    <h1><strong>La regi\u00f3n lidera las concesiones para nuevas plantas solares<\/strong><p>Extremadura encabez\u00f3 la clasificaci\u00f3n en 2025, seg\u00fan un informe de Opina 360, con 729,4 MW fotovoltaicos autorizados, por delante de Andaluc\u00eda y Castilla-La Mancha<\/p><\/h1>\n                <\/div>\n            <\/div>\n        <figure class='videoPrincipal'><img src='\/content-local\/wp-content\/uploads\/sites\/10\/2026\/02\/fotovoltaica.jpg'><\/figure><\/div>[\/vc_column][\/vc_row][vc_row centrar=\u00bbtrue\u00bb el_class=\u00bbgrid grid-pad\u00bb][vc_column el_class=\u00bbcol-10-12 tablet-col-1-1&#8243;]<p class=\"parrafocount\">La Comunidad Aut\u00f3noma extreme\u00f1a emerge como uno de los territorios con mayor proyecci\u00f3n en las fases iniciales de desarrollo de instalaciones de energ\u00edas renovables, especialmente de fotovoltaica. La regi\u00f3n lidera la concesi\u00f3n de autorizaciones administrativas previas para nuevas plantas solares, reforzando su posici\u00f3n estrat\u00e9gica en la transici\u00f3n energ\u00e9tica del pa\u00eds.<\/p><p class='parrafocount'><p class='parrafocount'>El peso creciente de Extremadura en las primeras fases de tramitaci\u00f3n confirma una tendencia que se ha consolidado en los \u00faltimos a\u00f1os: la regi\u00f3n se ha convertido en uno de los territorios estrat\u00e9gicos para el despliegue renovable en Espa\u00f1a.<br \/><p class='parrafocount'>Factores como la disponibilidad de suelo, la elevada radiaci\u00f3n solar y la capacidad de evacuaci\u00f3n el\u00e9ctrica han favorecido el inter\u00e9s inversor. Sin embargo, el reto a medio plazo pasa por equilibrar el desarrollo energ\u00e9tico con la planificaci\u00f3n territorial, la aceptaci\u00f3n social y la creaci\u00f3n de valor local.<\/p>[\/vc_column][\/vc_row][vc_row centrar=\u00bbtrue\u00bb el_class=\u00bbgrid grid-pad\u00bb][vc_column el_class=\u00bbcol-10-12 tablet-col-1-1&#8243;][vc_single_image image=\u00bb150171&#8243; img_size=\u00bbfull\u00bb alignment=\u00bbcenter\u00bb]\n        <h2 class=\"\">colegio oficial de arquitectos de Extremadura<\/h2>\n    <p class=\"parrafocount\"><\/p><p class='parrafocount'><h2 style=\"text-align: center\"><strong>Feenert: metodolog\u00eda para integrar eficiencia energ\u00e9tica y patrimonio<\/strong><\/h2><p class='parrafocount'><p class='parrafocount'>La transici\u00f3n energ\u00e9tica del parque edificado hist\u00f3rico constituye uno de los desaf\u00edos t\u00e9cnicos m\u00e1s complejos del suroeste ib\u00e9rico. En este contexto, el proyecto <strong>Feenert<\/strong> trabaja en el desarrollo de una metodolog\u00eda com\u00fan que permita compatibilizar eficiencia energ\u00e9tica, confort t\u00e9rmico y conservaci\u00f3n patrimonial en la <strong>Eurorregi\u00f3n EUROACE<\/strong> (Extremadura, Alentejo y Centro de Portugal).<\/p><p class='parrafocount'><p class='parrafocount'>\u00abFeenert no plantea soluciones universales ni aplicaciones autom\u00e1ticas. Su objetivo es establecer criterios t\u00e9cnicos rigurosos que orienten intervenciones viables en entornos protegidos, donde confluyen limitaciones normativas, exigencias patrimoniales y condicionantes constructivos propios de la arquitectura tradicional\u00bb, se\u00f1ala el <strong>Colegio de Arquitectos de Extremadura<\/strong> (Coade).<\/p><p class='parrafocount'><p class='parrafocount'>El proyecto re\u00fane a un consorcio transfronterizo <strong>coordinado por Intromac<\/strong> como entidad l\u00edder, en el que participan el Colegio Oficial de Arquitectos de Extremadura (Coade), Agenex y otras entidades del \u00e1mbito cient\u00edfico, institucional y profesional.<br \/><p class='parrafocount'>Esta alianza integra conocimiento t\u00e9cnico y cient\u00edfico, experiencia profesional, capacidad institucional y una estrecha vinculaci\u00f3n con el territorio, elementos esenciales para abordar con rigor la rehabilitaci\u00f3n energ\u00e9tica en entornos patrimoniales protegidos.<\/p><p class='parrafocount'><p class='parrafocount'>A partir de esta cooperaci\u00f3n, se han elaborado informes metodol\u00f3gicos que abordan, por un lado, la integraci\u00f3n de energ\u00edas renovables en edificios protegidos y, por otro, la adecuaci\u00f3n de sistemas de acondicionamiento t\u00e9rmico en entornos patrimoniales.<br \/><p class='parrafocount'>Las l\u00edneas de trabajo se estructuran en torno a varios principios t\u00e9cnicos como el an\u00e1lisis individualizado de cada edificio para evitar la estandarizaci\u00f3n de soluciones.<\/p><p class='parrafocount'><p class='parrafocount'>La integraci\u00f3n arquitect\u00f3nica como criterio prioritario frente a la simple superposici\u00f3n tecnol\u00f3gica. Y la reversibilidad, baja visibilidad e impacto compatible con la composici\u00f3n y materialidad originales.<br \/><p class='parrafocount'>Tambi\u00e9n se realizar\u00e1 la evaluaci\u00f3n energ\u00e9tica complementada con an\u00e1lisis higrot\u00e9rmico y patrimonial y la coordinaci\u00f3n temprana con las autoridades competentes.<\/p><p class='parrafocount'><p class='parrafocount'>El Coade informa que este enfoque no elimina la complejidad normativa ni t\u00e9cnica, pero \u00abcontribuye a reducir incertidumbres y a establecer un marco de referencia com\u00fan para futuras intervenciones en patrimonio protegido\u00bb.<\/p><p class='parrafocount'><p class='parrafocount'>E insisten en que la rehabilitaci\u00f3n energ\u00e9tica del patrimonio constituye un \u00e1mbito de creciente inter\u00e9s en el marco de las pol\u00edticas europeas de descarbonizaci\u00f3n. \u00abSu desarrollo exige prudencia t\u00e9cnica, di\u00e1logo institucional y adaptaci\u00f3n a cada contexto concreto\u00bb.<br \/><p class='parrafocount'>Es por eso que Feenert aporta herramientas metodol\u00f3gicas que pueden servir de base para estudios posteriores, proyectos piloto o futuras iniciativas p\u00fablico-privadas, siempre dentro del marco normativo vigente.<\/p><p class='parrafocount'><p class='parrafocount'>Para empresas tecnol\u00f3gicas, estudios de arquitectura, ingenier\u00edas o entidades p\u00fablicas interesadas en el \u00e1mbito de la rehabilitaci\u00f3n sostenible, el proyecto ofrece un espacio de conocimiento compartido y cooperaci\u00f3n t\u00e9cnica en un territorio con un importante parque edificado hist\u00f3rico.<br \/><p class='parrafocount'>Feenert se desarrolla en el marco del Programa Interreg VI-A Espa\u00f1a\u2013Portugal (POCTEP) y est\u00e1 cofinanciado por el Fondo Europeo de Desarrollo Regional (FEDER), en cumplimiento de los objetivos de cooperaci\u00f3n transfronteriza y transici\u00f3n energ\u00e9tica establecidos por la Uni\u00f3n Europea.<\/p>[\/vc_column][\/vc_row][vc_row centrar=\u00bbtrue\u00bb el_class=\u00bbgrid grid-pad\u00bb][vc_column el_class=\u00bbcol-1-1 tablet-col-1-1&#8243;]\n        <div class='bloque'>\n         <div class='compartir'><p>Compartir<\/p><ul>\n                <li class='facebook'>\n                            <a href='https:\/\/www.facebook.com\/sharer\/sharer.php?u=https:\/\/hoy.es' class='bcl-compartir-fb' target='_blank' title='Compartelo en Facebook' rel='nofollow'>\n                        <i class='facebook'><\/i>\n                    <\/a>\n                <\/li><li class='twitter'>\n                    <a href='https:\/\/twitter.com\/intent\/tweet?text=https:\/\/hoy.es' class='bcl-compartir-tw twitter' target='_blank' title='Compartelo en Twitter' rel='nofollow'>\n                        <i class='twitter'><\/i>\n                    <\/a>\n                <\/li><li class='whatsapp'>\n                    <a href='whatsapp:\/\/send?text=https:\/\/hoy.es' class='whatsapp' target='_blank' title='Compartelo en whatsapp' rel='nofollow'>\n                        <i class='whatsapp'><\/i>\n                    <\/a>\n                <\/li>\n                   <\/ul><\/div>\n        <div class='pie-ad '>\n            <p>Contenido para<strong> Energ\u00eda 2026<\/strong>\u00a0 editado por <strong>CM Extremadura<\/strong>. En su elaboraci\u00f3n no ha intervenido la redacci\u00f3n de este medio.<\/p>\n        <\/div><\/div>[\/vc_column][\/vc_row]<\/p>\n","protected":false},"excerpt":{"rendered":"<p>[vc_row el_class=\u00bbcol-1-1 tablet-col-1-1&#8243;][vc_column el_class=\u00bbcol-1-1 tablet-col-1-1&#8243;][\/vc_column][\/vc_row][vc_row centrar=\u00bbtrue\u00bb el_class=\u00bbgrid grid-pad\u00bb][vc_column el_class=\u00bbcol-10-12 tablet-col-1-1&#8243;][\/vc_column][\/vc_row][vc_row centrar=\u00bbtrue\u00bb el_class=\u00bbgrid grid-pad\u00bb][vc_column el_class=\u00bbcol-10-12 tablet-col-1-1&#8243;][vc_single_image image=\u00bb150171&#8243; img_size=\u00bbfull\u00bb alignment=\u00bbcenter\u00bb][\/vc_column][\/vc_row][vc_row centrar=\u00bbtrue\u00bb el_class=\u00bbgrid grid-pad\u00bb][vc_column el_class=\u00bbcol-1-1 tablet-col-1-1&#8243;][\/vc_column][\/vc_row]<\/p>\n","protected":false},"author":18,"featured_media":0,"comment_status":"closed","ping_status":"closed","sticky":false,"template":"","format":"standard","meta":[],"categories":[1],"tags":[],"acf":[],"_links":{"self":[{"href":"\/content-local\/wp-json\/wp\/v2\/posts\/150104"}],"collection":[{"href":"\/content-local\/wp-json\/wp\/v2\/posts"}],"about":[{"href":"\/content-local\/wp-json\/wp\/v2\/types\/post"}],"author":[{"embeddable":true,"href":"\/content-local\/wp-json\/wp\/v2\/users\/18"}],"replies":[{"embeddable":true,"href":"\/content-local\/wp-json\/wp\/v2\/comments?post=150104"}],"version-history":[{"count":11,"href":"\/content-local\/wp-json\/wp\/v2\/posts\/150104\/revisions"}],"predecessor-version":[{"id":150223,"href":"\/content-local\/wp-json\/wp\/v2\/posts\/150104\/revisions\/150223"}],"wp:attachment":[{"href":"\/content-local\/wp-json\/wp\/v2\/media?parent=150104"}],"wp:term":[{"taxonomy":"category","embeddable":true,"href":"\/content-local\/wp-json\/wp\/v2\/categories?post=150104"},{"taxonomy":"post_tag","embeddable":true,"href":"\/content-local\/wp-json\/wp\/v2\/tags?post=150104"}],"curies":[{"name":"wp","href":"https:\/\/api.w.org\/{rel}","templated":true}]}}